{"id":464,"date":"2017-08-12T05:37:04","date_gmt":"2017-08-12T05:37:04","guid":{"rendered":"http:\/\/euskaltzaleenbiltzarra.eus\/datu\/?p=464"},"modified":"2018-07-01T06:14:35","modified_gmt":"2018-07-01T06:14:35","slug":"464","status":"publish","type":"post","link":"https:\/\/euskaltzaleenbiltzarra.eus\/datu\/?p=464","title":{"rendered":"Iru\u00f1aren bisita"},"content":{"rendered":"<style type=\"text\/css\">\n\t<!-- @page { margin: 2cm } P { margin-bottom: 0.21cm } --><br \/>\t<\/style>\n<p>Peio Jorajuriak Herrian agertu artikulua<\/p>\n<style type=\"text\/css\">\n\t<!-- @page { margin: 2cm } P { margin-bottom: 0.21cm } --><br \/>\n\t<\/style>\n<p lang=\"eu\" align=\"CENTER\"><span style=\"color: #000000;\"><span style=\"font-family: Times New Roman,serif;\"><span style=\"font-size: large;\"><b>Sanferminak iraganik, Iru\u00f1aren bisita gozo eta lasaia<\/b><\/span><\/span><\/span><\/p>\n<p lang=\"eu\" align=\"CENTER\">\u00a0\u00a0 <img loading=\"lazy\" decoding=\"async\" class=\"alignnone size-full wp-image-468\" src=\"http:\/\/euskaltzaleenbiltzarra.eus\/datu\/wp-content\/uploads\/2017\/08\/DSCN7049.jpg\" alt=\"\" width=\"600\" height=\"800\" srcset=\"https:\/\/euskaltzaleenbiltzarra.eus\/datu\/wp-content\/uploads\/2017\/08\/DSCN7049.jpg 600w, https:\/\/euskaltzaleenbiltzarra.eus\/datu\/wp-content\/uploads\/2017\/08\/DSCN7049-225x300.jpg 225w\" sizes=\"auto, (max-width: 600px) 100vw, 600px\" \/><\/p>\n<p lang=\"fr-FR\" align=\"JUSTIFY\"><span style=\"color: #000000;\"><span style=\"font-family: Calibri,Calibri,sans-serif;\"><span style=\"font-size: small;\"><span style=\"font-family: Times New Roman,serif;\"><span lang=\"eu\">Iru\u00f1eko bestak doi doia bururatuak zirela eta hango karrikak lasaitasunera itzuliak, turistak oraindik ez metaka etorriak, uztailaren 19ko egunaz, asteazkenez, baliatu da Euskaltzaleen Biltzarra elkartea Iru\u00f1a hiri zaharra bisitatzeko, luzatua zuen gomitari ihardetsia zuten Ipar Euskal Herriko hogeita hamar bat euskaltzalerekin. Eta gu ere gogotik juntatu gitzaie. Elkarte horren aitzineko urtetako bidaia kulturalentzat bezala, Gillermo Etxeberria donostiar elkarte-kideak zuen egitaraua prunki prestatua.<\/span><\/span><\/span><\/span><\/span><\/p>\n<p lang=\"eu\" align=\"JUSTIFY\"><span style=\"color: #000000;\"><span style=\"font-family: Times New Roman,serif;\"><span style=\"font-size: small;\"><b><img loading=\"lazy\" decoding=\"async\" class=\"alignnone size-full wp-image-465\" src=\"http:\/\/euskaltzaleenbiltzarra.eus\/datu\/wp-content\/uploads\/2017\/08\/DSCN7031.jpg\" alt=\"\" width=\"600\" height=\"450\" srcset=\"https:\/\/euskaltzaleenbiltzarra.eus\/datu\/wp-content\/uploads\/2017\/08\/DSCN7031.jpg 600w, https:\/\/euskaltzaleenbiltzarra.eus\/datu\/wp-content\/uploads\/2017\/08\/DSCN7031-300x225.jpg 300w\" sizes=\"auto, (max-width: 600px) 100vw, 600px\" \/><img loading=\"lazy\" decoding=\"async\" class=\"alignnone size-full wp-image-476\" src=\"http:\/\/euskaltzaleenbiltzarra.eus\/datu\/wp-content\/uploads\/2017\/08\/20170719_111659.jpg\" alt=\"\" width=\"600\" height=\"450\" srcset=\"https:\/\/euskaltzaleenbiltzarra.eus\/datu\/wp-content\/uploads\/2017\/08\/20170719_111659.jpg 600w, https:\/\/euskaltzaleenbiltzarra.eus\/datu\/wp-content\/uploads\/2017\/08\/20170719_111659-300x225.jpg 300w\" sizes=\"auto, (max-width: 600px) 100vw, 600px\" \/> Herriko Etxean ongi-etorria<\/b><\/span><\/span><\/span><\/p>\n<p lang=\"fr-FR\" align=\"JUSTIFY\"><span style=\"color: #000000;\"><span style=\"font-family: Calibri,Calibri,sans-serif;\"><span style=\"font-size: small;\"><span style=\"font-family: Times New Roman,serif;\"><span lang=\"eu\">Lehen hitzordua, Jon Martinez arte-historialariarekin ginuen, Herriko Etxe aitzinean. Gidari paregabea zaiku suertatu, Iru\u00f1aren Alde Zaharra gostura zeharkatuz, argitasun asko eta askorekin. Bainan lehen lehenik Herriko Etxea dauku bisitarazi. Erdi esperantza ginuen Joseba Asiron alkatea (auzapeza) kurutzatuko ginuela egoitzaren barnetan, bainan bazukeen besterik egiteko. Udaletxeko gela nagusian, hor ginuen aldiz Diario de Navarrako argazkilaria, ondoko egunetan egunkari horrek Iparraldeko euskaltzale multxoaren potreta zuela agertuko. Egoitza guziz ospetsua da Udaletxea, margolan eder askorekin, hemen Pablo Sarasate biolin-jolea ageri, han Julian Gayarre operako tenorra, Jabier Cigaren \u201cElizondoko merkatua\u201d, Francisco de Asisen Isabel II bere senarrarekin eta beste margolan frango. Udaletxeko kapera ere ikusi ahal izan dugu, urtean behin baizik idekitzen ez dutena. Zinez kuriosa, kapera bat egoitza publiko batean ! Biltzar gelak ere merezi du behakoa, bere 28 jarlekuekin, paretetan 9 kamera biltzarrak filmatzeko, eta ere, ospetsu, Nafarroako armarriak, haratago Karlos III erregearen potreta dotorea. Balkoian ere gure agerpena egin dugu, Udaletxeko plaza guzia zangopean ginuela: hortik da sanferminen hasiera ematen, txupinazo famatua, plaza guzia zapi gorriz estalirik.<\/span><\/span><\/span><\/span><\/span><\/p>\n<p lang=\"eu\" align=\"JUSTIFY\"><span style=\"color: #000000;\"><span style=\"font-family: Times New Roman,serif;\"><span style=\"font-size: small;\"><b>Hiri Zaharrean barna<\/b><\/span><\/span><\/span><\/p>\n<p lang=\"fr-FR\" align=\"JUSTIFY\"><span style=\"color: #000000;\"><span style=\"font-family: Calibri,Calibri,sans-serif;\"><span style=\"font-size: small;\"><span style=\"font-family: Times New Roman,serif;\"><span lang=\"eu\">Herriko Etxea utzirik, bada zer ikus karrikaz karrika. San Zernin eliza (Zernin edo Saturninok zuen hiria ebanjelizatu eta saindu bilakatuko zen Fermin bataiatu), 12. mendeko aztarnak ageri, eliza erromanikoa zelarik eta oraindik lehenago aspaldiko sineste zenbaiten tenplu. Kontuen Ganbera, finantzak kontrolatzen zituena, 13. mendekoa, Iru\u00f1an dagon eraikin gotiko zibil bakarra. San Nikolas eliza, 12. mendeko eliza erromanikoa, gotorleku moldean eraikia, geroztik nagusiki itxura gotikoa hartua duena. Eta plazak ere hor, besteak beste Gazteluko plaza, San Frantzisko plaza, Kontseiluko plaza, bakoitza eraikin ospetsuz mugatua, jauregi (hala nola Nafar Gobernuko jauregia, parkean 165 urteko sekoia erraldoi bat daukala, Kaliforniatik ekarrarazia), antzoki eta beste.<\/span><\/span><\/span><\/span><\/span><\/p>\n<p lang=\"eu\" align=\"JUSTIFY\"><span style=\"color: #000000;\"><span style=\"font-family: Times New Roman,serif;\"><span style=\"font-size: small;\"><b><img loading=\"lazy\" decoding=\"async\" class=\"alignnone size-full wp-image-469\" src=\"http:\/\/euskaltzaleenbiltzarra.eus\/datu\/wp-content\/uploads\/2017\/08\/DSCN7056.jpg\" alt=\"\" width=\"600\" height=\"800\" srcset=\"https:\/\/euskaltzaleenbiltzarra.eus\/datu\/wp-content\/uploads\/2017\/08\/DSCN7056.jpg 600w, https:\/\/euskaltzaleenbiltzarra.eus\/datu\/wp-content\/uploads\/2017\/08\/DSCN7056-225x300.jpg 225w\" sizes=\"auto, (max-width: 600px) 100vw, 600px\" \/>Ernest Hemingwayren atzak<\/b><\/span><\/span><\/span><\/p>\n<p lang=\"fr-FR\" align=\"JUSTIFY\"><span style=\"color: #000000;\"><span style=\"font-family: Calibri,Calibri,sans-serif;\"><span style=\"font-size: small;\"><span style=\"font-family: Times New Roman,serif;\"><span lang=\"eu\">Iru\u00f1ak ainitz zor dio Ernest Hemingway amerikar kazetari-idazleari (1899-1961) eta autore horrek ere halaber ainitz zor Iru\u00f1ari. 1923an etorri zen lehen aldikoz Iru\u00f1era, kazetari gisa, San Ferminak aipatzeko. Besta horietaz maitemindu zen, ondotik \u201cFiesta\u201d eleberria zuela idatziko, literatura munduan omena emanen zion lehen obra. Idazle horren arrastoak badira hen hemenka hirian barna. Hala nola Gazteluko plazan dagon <\/span><\/span><span style=\"font-family: Times New Roman,serif;\"><span lang=\"eu\"><i>Iru\u00f1a kafetegian<\/i><\/span><\/span><span style=\"font-family: Times New Roman,serif;\"><span lang=\"eu\">, hiriko jatetxe ezagutuena bilakatua dena. Gidariak barnera eraman gaitu, eta jangela nagusia zeharkaturik, gela ttipiago batera heldu gira, \u201cRincon de Hemingway\u201d deitua. Hor dago amerikarraren busto edo itxura eder bat. Eta hunen ondoan dauku gidariak hauxe kondatu: \u201cErnest Hemingway Iru\u00f1era etorri zenean lehen aldian, Gazteluko plazako La Perla hotelera joan zen, han aterbetu nahian; bainan logelak garestiegiak izanki, ororen buru plaza bereko beste hotel batean zen aterbetu, Quintana hotelean. Eta hunen jabea, Juanito Quintana, izan zuen Emingwayk gidari nekaezina, hiriko xoko mokoak ezagutarazi zizkiona. Quintana hotela geroztik desagertua da. La Perla hotela, haatik, beti hor da, eta badaki segurki nola jokatu behar den. Jendeari sinetsarazirik lehen denbora horietan Emingway bere hoteleko klientea izan zela, hoteleko ganbara ospetsuena, nun Emingwayk lo egin omen zuen, 2.600 eurotan pagarazten du gau bakar San Ferminetan, eta bertze ganbarak 1.900\/2.000 eurotan, alabainan leihoek Estafeta kalera dute bista, hortik direla goizero entzierroko zezenak iragaiten\u201d. Eta prezio horietan ere ganbaren alokatzaileak ausarkian izanki, omen !<\/span><\/span><\/span><\/span><\/span><\/p>\n<p lang=\"fr-FR\" align=\"JUSTIFY\"><span style=\"color: #000000;\"><span style=\"font-family: Times New Roman,serif;\"><span style=\"font-size: small;\"><b><img loading=\"lazy\" decoding=\"async\" class=\"alignnone size-full wp-image-475\" src=\"http:\/\/euskaltzaleenbiltzarra.eus\/datu\/wp-content\/uploads\/2017\/08\/20170719_110448.jpg\" alt=\"\" width=\"600\" height=\"450\" \/><\/b><\/span><\/span><\/span><\/p>\n<p lang=\"eu\" align=\"JUSTIFY\"><span style=\"color: #000000;\"><span style=\"font-family: Times New Roman,serif;\"><span style=\"font-size: small;\"><b>Andra Maria Errealaren katedrala<\/b><\/span><\/span><\/span><\/p>\n<p lang=\"fr-FR\" align=\"JUSTIFY\"><span style=\"color: #000000;\"><span style=\"font-family: Calibri,Calibri,sans-serif;\"><span style=\"font-size: small;\"><span style=\"font-family: Times New Roman,serif;\"><span lang=\"eu\">Ezin ginuen Iru\u00f1a utz katedralari behakoa eman gabe. Huntan, donostiar emazte gazte bat ginuen gidari, Saroa. Gotiko estiloko eraikin horren bisitatzeko, ezin uka denbora nasaia hartu behar dela, hainbertze bada ikusteko, nabeak, absidea, korua, kaperak, erretaulak, kalostra (gaur obretan), kalonjeen jangela alimalea, zeintan Erregearen gortea biltzen zen ospakizun batzuren aitzakian, Karlos Noblea Nafarroako erregea eta Leonor Trastamarakoa erreginaren mausoleoa&#8230; Arkeologia miaketak ere bete betean daudela katedralaren alde batean, aspaldiko aztarnen erakusleiho. Bai, astira egin behar den bisita eta ahalaz gidari batekin. Eta ez da dudarik datorren urtean Iru\u00f1ak eta bere katedralak ukanen dutela sekula baino bisitari gehiago, 2018a San Fermin urtea ekarria izanen baita.<\/span><\/span><\/span><\/span><\/span><\/p>\n<p lang=\"fr-FR\" align=\"JUSTIFY\"><img loading=\"lazy\" decoding=\"async\" class=\"alignnone size-full wp-image-478\" src=\"http:\/\/euskaltzaleenbiltzarra.eus\/datu\/wp-content\/uploads\/2017\/08\/gillermo-piano.jpg\" alt=\"\" width=\"1695\" height=\"1521\" srcset=\"https:\/\/euskaltzaleenbiltzarra.eus\/datu\/wp-content\/uploads\/2017\/08\/gillermo-piano.jpg 1695w, https:\/\/euskaltzaleenbiltzarra.eus\/datu\/wp-content\/uploads\/2017\/08\/gillermo-piano-300x269.jpg 300w, https:\/\/euskaltzaleenbiltzarra.eus\/datu\/wp-content\/uploads\/2017\/08\/gillermo-piano-768x689.jpg 768w, https:\/\/euskaltzaleenbiltzarra.eus\/datu\/wp-content\/uploads\/2017\/08\/gillermo-piano-1024x919.jpg 1024w\" sizes=\"auto, (max-width: 1695px) 100vw, 1695px\" \/><\/p>\n<p lang=\"eu\" align=\"RIGHT\"><span style=\"color: #000000;\"><span style=\"font-family: Times New Roman,serif;\"><span style=\"font-size: small;\"><i><b>Gillermo Etxeberria antolatzaile arraroa. Hemen animatzaile lanetan bazkari denboran.<\/b><\/i><\/span><\/span><\/span><\/p>\n<p>&nbsp;<\/p>\n","protected":false},"excerpt":{"rendered":"<p>Peio Jorajuriak Herrian agertu artikulua Sanferminak iraganik, Iru\u00f1aren bisita gozo eta lasaia \u00a0\u00a0 Iru\u00f1eko bestak doi doia bururatuak zirela eta hango karrikak lasaitasunera itzuliak, turistak oraindik ez metaka etorriak, uztailaren 19ko egunaz, asteazkenez, baliatu da Euskaltzaleen Biltzarra elkartea Iru\u00f1a hiri zaharra bisitatzeko, luzatua zuen gomitari ihardetsia zuten Ipar Euskal Herriko hogeita hamar bat euskaltzalerekin. Eta &hellip; <a href=\"https:\/\/euskaltzaleenbiltzarra.eus\/datu\/?p=464\" class=\"more-link\">Continuer la lecture de <span class=\"screen-reader-text\">Iru\u00f1aren bisita<\/span> <span class=\"meta-nav\">&rarr;<\/span><\/a><\/p>\n","protected":false},"author":1,"featured_media":0,"comment_status":"closed","ping_status":"closed","sticky":false,"template":"","format":"standard","meta":{"episode_type":"","audio_file":"","podmotor_file_id":"","podmotor_episode_id":"","cover_image":"","cover_image_id":"","duration":"","filesize":"","filesize_raw":"","date_recorded":"","explicit":"","block":"","itunes_episode_number":"","itunes_title":"","itunes_season_number":"","itunes_episode_type":"","footnotes":""},"categories":[4],"tags":[],"class_list":["post-464","post","type-post","status-publish","format-standard","hentry","category-ibilaldi-kulturalak"],"_links":{"self":[{"href":"https:\/\/euskaltzaleenbiltzarra.eus\/datu\/index.php?rest_route=\/wp\/v2\/posts\/464","targetHints":{"allow":["GET"]}}],"collection":[{"href":"https:\/\/euskaltzaleenbiltzarra.eus\/datu\/index.php?rest_route=\/wp\/v2\/posts"}],"about":[{"href":"https:\/\/euskaltzaleenbiltzarra.eus\/datu\/index.php?rest_route=\/wp\/v2\/types\/post"}],"author":[{"embeddable":true,"href":"https:\/\/euskaltzaleenbiltzarra.eus\/datu\/index.php?rest_route=\/wp\/v2\/users\/1"}],"replies":[{"embeddable":true,"href":"https:\/\/euskaltzaleenbiltzarra.eus\/datu\/index.php?rest_route=%2Fwp%2Fv2%2Fcomments&post=464"}],"version-history":[{"count":8,"href":"https:\/\/euskaltzaleenbiltzarra.eus\/datu\/index.php?rest_route=\/wp\/v2\/posts\/464\/revisions"}],"predecessor-version":[{"id":674,"href":"https:\/\/euskaltzaleenbiltzarra.eus\/datu\/index.php?rest_route=\/wp\/v2\/posts\/464\/revisions\/674"}],"wp:attachment":[{"href":"https:\/\/euskaltzaleenbiltzarra.eus\/datu\/index.php?rest_route=%2Fwp%2Fv2%2Fmedia&parent=464"}],"wp:term":[{"taxonomy":"category","embeddable":true,"href":"https:\/\/euskaltzaleenbiltzarra.eus\/datu\/index.php?rest_route=%2Fwp%2Fv2%2Fcategories&post=464"},{"taxonomy":"post_tag","embeddable":true,"href":"https:\/\/euskaltzaleenbiltzarra.eus\/datu\/index.php?rest_route=%2Fwp%2Fv2%2Ftags&post=464"}],"curies":[{"name":"wp","href":"https:\/\/api.w.org\/{rel}","templated":true}]}}